{"id":3005,"date":"2019-07-08T17:01:24","date_gmt":"2019-07-08T15:01:24","guid":{"rendered":"https:\/\/immobilier-en-espagne.com\/blog-espagne\/?p=3005"},"modified":"2019-07-08T17:03:08","modified_gmt":"2019-07-08T15:03:08","slug":"contact-agences-immobilieres-barcelone","status":"publish","type":"post","link":"https:\/\/immobilier-en-espagne.com\/blog-espagne\/contact-agences-immobilieres-barcelone\/","title":{"rendered":"CONTACT TOUTES LES AGENCES DE BARCELONE"},"content":{"rendered":"\t\t<div data-elementor-type=\"wp-post\" data-elementor-id=\"3005\" class=\"elementor elementor-3005\" data-elementor-post-type=\"post\">\n\t\t\t\t\t\t<section class=\"elementor-section elementor-top-section elementor-element elementor-element-7cfe2a87 elementor-section-content-middle elementor-section-stretched elementor-section-boxed elementor-section-height-default elementor-section-height-default\" data-id=\"7cfe2a87\" data-element_type=\"section\" data-e-type=\"section\" data-settings=\"{&quot;stretch_section&quot;:&quot;section-stretched&quot;,&quot;background_background&quot;:&quot;classic&quot;}\">\n\t\t\t\t\t\t<div class=\"elementor-container elementor-column-gap-no\">\n\t\t\t\t\t<div class=\"elementor-column elementor-col-100 elementor-top-column elementor-element elementor-element-28dd0e82\" data-id=\"28dd0e82\" data-element_type=\"column\" data-e-type=\"column\">\n\t\t\t<div class=\"elementor-widget-wrap elementor-element-populated\">\n\t\t\t\t\t\t<div class=\"elementor-element elementor-element-3bbe53fa elementor-widget elementor-widget-heading\" data-id=\"3bbe53fa\" data-element_type=\"widget\" data-e-type=\"widget\" data-widget_type=\"heading.default\">\n\t\t\t\t<div class=\"elementor-widget-container\">\n\t\t\t\t\t<h2 class=\"elementor-heading-title elementor-size-default\">J'ENVOIE EN 1 CLIC MA DEMANDE DE RECHERCHE A TOUTES LES AGENCES IMMOBILI\u00c8RES <\/h2>\t\t\t\t<\/div>\n\t\t\t\t<\/div>\n\t\t\t\t<div class=\"elementor-element elementor-element-416de337 elementor-widget elementor-widget-heading\" data-id=\"416de337\" data-element_type=\"widget\" data-e-type=\"widget\" data-widget_type=\"heading.default\">\n\t\t\t\t<div class=\"elementor-widget-container\">\n\t\t\t\t\t<h2 class=\"elementor-heading-title elementor-size-default\">SUR BARCELONE.<\/h2>\t\t\t\t<\/div>\n\t\t\t\t<\/div>\n\t\t\t\t\t<\/div>\n\t\t<\/div>\n\t\t\t\t\t<\/div>\n\t\t<\/section>\n\t\t\t\t<section class=\"elementor-section elementor-top-section elementor-element elementor-element-6d7983e elementor-section-boxed elementor-section-height-default elementor-section-height-default\" data-id=\"6d7983e\" data-element_type=\"section\" data-e-type=\"section\">\n\t\t\t\t\t\t<div class=\"elementor-container elementor-column-gap-default\">\n\t\t\t\t\t<div class=\"elementor-column elementor-col-100 elementor-top-column elementor-element elementor-element-152c5d0\" data-id=\"152c5d0\" data-element_type=\"column\" data-e-type=\"column\">\n\t\t\t<div class=\"elementor-widget-wrap elementor-element-populated\">\n\t\t\t\t\t\t<div class=\"elementor-element elementor-element-72f20da elementor-widget elementor-widget-text-editor\" data-id=\"72f20da\" data-element_type=\"widget\" data-e-type=\"widget\" data-widget_type=\"text-editor.default\">\n\t\t\t\t<div class=\"elementor-widget-container\">\n\t\t\t\t\t\t\t\t\t\n<div class=\"wpcf7 no-js\" id=\"wpcf7-f3001-o1\" lang=\"fr-FR\" dir=\"ltr\" data-wpcf7-id=\"3001\">\n<div class=\"screen-reader-response\"><p role=\"status\" aria-live=\"polite\" aria-atomic=\"true\"><\/p> <ul><\/ul><\/div>\n<form action=\"\/blog-espagne\/wp-json\/wp\/v2\/posts\/3005#wpcf7-f3001-o1\" method=\"post\" class=\"wpcf7-form init\" aria-label=\"Formulaire de contact\" novalidate=\"novalidate\" data-status=\"init\">\n<fieldset class=\"hidden-fields-container\"><input type=\"hidden\" name=\"_wpcf7\" value=\"3001\" \/><input type=\"hidden\" name=\"_wpcf7_version\" value=\"6.1.5\" \/><input type=\"hidden\" name=\"_wpcf7_locale\" value=\"fr_FR\" \/><input type=\"hidden\" name=\"_wpcf7_unit_tag\" value=\"wpcf7-f3001-o1\" \/><input type=\"hidden\" name=\"_wpcf7_container_post\" value=\"0\" \/><input type=\"hidden\" name=\"_wpcf7_posted_data_hash\" value=\"\" \/>\n<\/fieldset>\n<p>Contactez toutes les agences de BARCELONE et DE SA PROVINCE (au choix) en 1 clic :\n<\/p>\n<p>Votre nom (obligatoire) :<br \/>\n<span class=\"wpcf7-form-control-wrap\" data-name=\"your-name\"><input size=\"40\" maxlength=\"400\" class=\"wpcf7-form-control wpcf7-text wpcf7-validates-as-required\" aria-required=\"true\" aria-invalid=\"false\" value=\"\" type=\"text\" name=\"your-name\" \/><\/span>\n<\/p>\n<p>Votre adresse de messagerie (obligatoire) :<br \/>\n<span class=\"wpcf7-form-control-wrap\" data-name=\"your-email\"><input size=\"40\" maxlength=\"400\" class=\"wpcf7-form-control wpcf7-email wpcf7-validates-as-required wpcf7-text wpcf7-validates-as-email\" aria-required=\"true\" aria-invalid=\"false\" value=\"\" type=\"email\" name=\"your-email\" \/><\/span>\n<\/p>\n<p>Un num\u00e9ro de t\u00e9l\u00e9phone o\u00f9 vous joindre (obligatoire) :<br \/>\nN&rsquo;OUBLIEZ PAS DE NOTIFIER L&rsquo;INDICATIF DE VOTRE PAYS (<a href=\"https:\/\/immobilier-en-espagne.com\/blog-espagne\/indicatif-pays-pour-telephoner\"  target=\"_blank\">VOIR<\/a>)\n<\/p>\n<p><span class=\"wpcf7-form-control-wrap\" data-name=\"tel-251\"><input size=\"40\" maxlength=\"400\" class=\"wpcf7-form-control wpcf7-tel wpcf7-text wpcf7-validates-as-tel\" aria-invalid=\"false\" value=\"\" type=\"tel\" name=\"tel-251\" \/><\/span>\n<\/p>\n<p>VOTRE PROJET D&rsquo;ACHAT EST POUR :<br \/>\n<span class=\"wpcf7-form-control-wrap\" data-name=\"menu-111\"><select class=\"wpcf7-form-control wpcf7-select wpcf7-validates-as-required\" aria-required=\"true\" aria-invalid=\"false\" name=\"menu-111\"><option value=\"DE SUITE\">DE SUITE<\/option><option value=\"DANS LES 3 MOIS\">DANS LES 3 MOIS<\/option><option value=\"DANS LES 6 MOIS\">DANS LES 6 MOIS<\/option><option value=\"DANS 1 AN\">DANS 1 AN<\/option><option value=\"PLUS TARD\">PLUS TARD<\/option><\/select><\/span>\n<\/p>\n<p>AVEZ-VOUS D\u00c9J\u00c0 UNE DATE POUR VENIR VISITER LES BIENS :<br \/>\n<span class=\"wpcf7-form-control-wrap\" data-name=\"date-67\"><input class=\"wpcf7-form-control wpcf7-date wpcf7-validates-as-date\" aria-invalid=\"false\" value=\"\" type=\"date\" name=\"date-67\" \/><\/span>\n<\/p>\n<p>DANS QUEL QUARTIER DE LA VILLE DE BARCELONE :<br \/>\n<span class=\"wpcf7-form-control-wrap\" data-name=\"checkbox-81\"><span class=\"wpcf7-form-control wpcf7-checkbox\"><span class=\"wpcf7-list-item first\"><input type=\"checkbox\" name=\"checkbox-81[]\" value=\"TOUS LES QUARTIERS\" \/><span class=\"wpcf7-list-item-label\">TOUS LES QUARTIERS<\/span><\/span><span class=\"wpcf7-list-item\"><input type=\"checkbox\" name=\"checkbox-81[]\" value=\"Bes\u00f2s\" \/><span class=\"wpcf7-list-item-label\">Bes\u00f2s<\/span><\/span><span class=\"wpcf7-list-item\"><input type=\"checkbox\" name=\"checkbox-81[]\" value=\"Bon Pastor\" \/><span class=\"wpcf7-list-item-label\">Bon Pastor<\/span><\/span><span class=\"wpcf7-list-item\"><input type=\"checkbox\" name=\"checkbox-81[]\" value=\"Ciutat Meridiana-Villabona\" \/><span class=\"wpcf7-list-item-label\">Ciutat Meridiana-Villabona<\/span><\/span><span class=\"wpcf7-list-item\"><input type=\"checkbox\" name=\"checkbox-81[]\" value=\"Congr\u00e9s-Indians\" \/><span class=\"wpcf7-list-item-label\">Congr\u00e9s-Indians<\/span><\/span><span class=\"wpcf7-list-item\"><input type=\"checkbox\" name=\"checkbox-81[]\" value=\"Dreta de l&#039;Eixample\" \/><span class=\"wpcf7-list-item-label\">Dreta de l&#039;Eixample<\/span><\/span><span class=\"wpcf7-list-item\"><input type=\"checkbox\" name=\"checkbox-81[]\" value=\"El Casc Antic\" \/><span class=\"wpcf7-list-item-label\">El Casc Antic<\/span><\/span><span class=\"wpcf7-list-item\"><input type=\"checkbox\" name=\"checkbox-81[]\" value=\"El Clot\" \/><span class=\"wpcf7-list-item-label\">El Clot<\/span><\/span><span class=\"wpcf7-list-item\"><input type=\"checkbox\" name=\"checkbox-81[]\" value=\"El Raval\" \/><span class=\"wpcf7-list-item-label\">El Raval<\/span><\/span><span class=\"wpcf7-list-item\"><input type=\"checkbox\" name=\"checkbox-81[]\" value=\"Esquerra de l&#039;Eixample\" \/><span class=\"wpcf7-list-item-label\">Esquerra de l&#039;Eixample<\/span><\/span><span class=\"wpcf7-list-item\"><input type=\"checkbox\" name=\"checkbox-81[]\" value=\"Font de la Guatlla\" \/><span class=\"wpcf7-list-item-label\">Font de la Guatlla<\/span><\/span><span class=\"wpcf7-list-item\"><input type=\"checkbox\" name=\"checkbox-81[]\" value=\"Fort Pienc\" \/><span class=\"wpcf7-list-item-label\">Fort Pienc<\/span><\/span><span class=\"wpcf7-list-item\"><input type=\"checkbox\" name=\"checkbox-81[]\" value=\"Fort Plus\" \/><span class=\"wpcf7-list-item-label\">Fort Plus<\/span><\/span><span class=\"wpcf7-list-item\"><input type=\"checkbox\" name=\"checkbox-81[]\" value=\"Gr\u00e0cia\" \/><span class=\"wpcf7-list-item-label\">Gr\u00e0cia<\/span><\/span><span class=\"wpcf7-list-item\"><input type=\"checkbox\" name=\"checkbox-81[]\" value=\"Guinard\u00f3\" \/><span class=\"wpcf7-list-item-label\">Guinard\u00f3<\/span><\/span><span class=\"wpcf7-list-item\"><input type=\"checkbox\" name=\"checkbox-81[]\" value=\"G\u00f2tic\" \/><span class=\"wpcf7-list-item-label\">G\u00f2tic<\/span><\/span><span class=\"wpcf7-list-item\"><input type=\"checkbox\" name=\"checkbox-81[]\" value=\"Horta\" \/><span class=\"wpcf7-list-item-label\">Horta<\/span><\/span><span class=\"wpcf7-list-item\"><input type=\"checkbox\" name=\"checkbox-81[]\" value=\"La Barceloneta\" \/><span class=\"wpcf7-list-item-label\">La Barceloneta<\/span><\/span><span class=\"wpcf7-list-item\"><input type=\"checkbox\" name=\"checkbox-81[]\" value=\"La Bordeta-Hostafrancs\" \/><span class=\"wpcf7-list-item-label\">La Bordeta-Hostafrancs<\/span><\/span><span class=\"wpcf7-list-item\"><input type=\"checkbox\" name=\"checkbox-81[]\" value=\"La Verneda\" \/><span class=\"wpcf7-list-item-label\">La Verneda<\/span><\/span><span class=\"wpcf7-list-item\"><input type=\"checkbox\" name=\"checkbox-81[]\" value=\"Les Corts\" \/><span class=\"wpcf7-list-item-label\">Les Corts<\/span><\/span><span class=\"wpcf7-list-item\"><input type=\"checkbox\" name=\"checkbox-81[]\" value=\"Montjuic\" \/><span class=\"wpcf7-list-item-label\">Montjuic<\/span><\/span><span class=\"wpcf7-list-item\"><input type=\"checkbox\" name=\"checkbox-81[]\" value=\"Pedralbes\" \/><span class=\"wpcf7-list-item-label\">Pedralbes<\/span><\/span><span class=\"wpcf7-list-item\"><input type=\"checkbox\" name=\"checkbox-81[]\" value=\"Poble Sec\" \/><span class=\"wpcf7-list-item-label\">Poble Sec<\/span><\/span><span class=\"wpcf7-list-item\"><input type=\"checkbox\" name=\"checkbox-81[]\" value=\"Poblenou\" \/><span class=\"wpcf7-list-item-label\">Poblenou<\/span><\/span><span class=\"wpcf7-list-item\"><input type=\"checkbox\" name=\"checkbox-81[]\" value=\"Roquetes-Verdum\" \/><span class=\"wpcf7-list-item-label\">Roquetes-Verdum<\/span><\/span><span class=\"wpcf7-list-item\"><input type=\"checkbox\" name=\"checkbox-81[]\" value=\"Sagrada Fam\u00edlia\" \/><span class=\"wpcf7-list-item-label\">Sagrada Fam\u00edlia<\/span><\/span><span class=\"wpcf7-list-item\"><input type=\"checkbox\" name=\"checkbox-81[]\" value=\"Sagrera\" \/><span class=\"wpcf7-list-item-label\">Sagrera<\/span><\/span><span class=\"wpcf7-list-item\"><input type=\"checkbox\" name=\"checkbox-81[]\" value=\"Sant Andreu de Palomar\" \/><span class=\"wpcf7-list-item-label\">Sant Andreu de Palomar<\/span><\/span><span class=\"wpcf7-list-item\"><input type=\"checkbox\" name=\"checkbox-81[]\" value=\"Sant Antoni\" \/><span class=\"wpcf7-list-item-label\">Sant Antoni<\/span><\/span><span class=\"wpcf7-list-item\"><input type=\"checkbox\" name=\"checkbox-81[]\" value=\"Sant Gervasi\" \/><span class=\"wpcf7-list-item-label\">Sant Gervasi<\/span><\/span><span class=\"wpcf7-list-item\"><input type=\"checkbox\" name=\"checkbox-81[]\" value=\"Sants\" \/><span class=\"wpcf7-list-item-label\">Sants<\/span><\/span><span class=\"wpcf7-list-item\"><input type=\"checkbox\" name=\"checkbox-81[]\" value=\"Sarri\u00e0\" \/><span class=\"wpcf7-list-item-label\">Sarri\u00e0<\/span><\/span><span class=\"wpcf7-list-item\"><input type=\"checkbox\" name=\"checkbox-81[]\" value=\"Trinitat Vella\" \/><span class=\"wpcf7-list-item-label\">Trinitat Vella<\/span><\/span><span class=\"wpcf7-list-item\"><input type=\"checkbox\" name=\"checkbox-81[]\" value=\"Vall d&#039;Hebr\u00f3n\" \/><span class=\"wpcf7-list-item-label\">Vall d&#039;Hebr\u00f3n<\/span><\/span><span class=\"wpcf7-list-item\"><input type=\"checkbox\" name=\"checkbox-81[]\" value=\"Vallcarca\" \/><span class=\"wpcf7-list-item-label\">Vallcarca<\/span><\/span><span class=\"wpcf7-list-item\"><input type=\"checkbox\" name=\"checkbox-81[]\" value=\"Vallvidrera-Les Planes\" \/><span class=\"wpcf7-list-item-label\">Vallvidrera-Les Planes<\/span><\/span><span class=\"wpcf7-list-item\"><input type=\"checkbox\" name=\"checkbox-81[]\" value=\"Vilapicina-Tur\u00f3 de la Peira\" \/><span class=\"wpcf7-list-item-label\">Vilapicina-Tur\u00f3 de la Peira<\/span><\/span><span class=\"wpcf7-list-item last\"><input type=\"checkbox\" name=\"checkbox-81[]\" value=\"Zona Franca\" \/><span class=\"wpcf7-list-item-label\">Zona Franca<\/span><\/span><\/span><\/span>\n<\/p>\n<p>OU DANS QUELLE PROVINCE DE BARCELONE (APPUYEZ SUR LE BOUTON CTRL POUR UNE S\u00c9LECTION MULTIPLES) :<br \/>\n<span class=\"wpcf7-form-control-wrap\" data-name=\"menu-583\"><select class=\"wpcf7-form-control wpcf7-select\" aria-invalid=\"false\" multiple=\"multiple\" name=\"menu-583[]\"><option value=\"TOUTES LES PROVINCES\">TOUTES LES PROVINCES<\/option><option value=\"Abrera\">Abrera<\/option><option value=\"Aguilar de Segarra\">Aguilar de Segarra<\/option><option value=\"Aiguafreda\">Aiguafreda<\/option><option value=\"Alella\">Alella<\/option><option value=\"Alpens\">Alpens<\/option><option value=\"Arenys de Mar\">Arenys de Mar<\/option><option value=\"Arenys de Munt\">Arenys de Munt<\/option><option value=\"Argentona\">Argentona<\/option><option value=\"Argen\u00e7ola\">Argen\u00e7ola<\/option><option value=\"Art\u00e9s\">Art\u00e9s<\/option><option value=\"Avinyonet del Pened\u00e8s\">Avinyonet del Pened\u00e8s<\/option><option value=\"Aviny\u00f3\">Aviny\u00f3<\/option><option value=\"Avi\u00e0\">Avi\u00e0<\/option><option value=\"Badalona\">Badalona<\/option><option value=\"Badia del Vall\u00e8s\">Badia del Vall\u00e8s<\/option><option value=\"Bag\u00e0\">Bag\u00e0<\/option><option value=\"Baleny\u00e0\">Baleny\u00e0<\/option><option value=\"Balsareny\">Balsareny<\/option><option value=\"Barber\u00e0 del Vall\u00e8s\">Barber\u00e0 del Vall\u00e8s<\/option><option value=\"Begues\">Begues<\/option><option value=\"Bellprat\">Bellprat<\/option><option value=\"Berga\">Berga<\/option><option value=\"Bigues i Riells\">Bigues i Riells<\/option><option value=\"Borred\u00e0\">Borred\u00e0<\/option><option value=\"Cabrera d&#039;Igualada\">Cabrera d&#039;Igualada<\/option><option value=\"Cabrera de Mar\">Cabrera de Mar<\/option><option value=\"Cabrils\">Cabrils<\/option><option value=\"Calaf\">Calaf<\/option><option value=\"Calders\">Calders<\/option><option value=\"Caldes d&#039;Estrac\">Caldes d&#039;Estrac<\/option><option value=\"Caldes de Montbui\">Caldes de Montbui<\/option><option value=\"Calella\">Calella<\/option><option value=\"Calldetenes\">Calldetenes<\/option><option value=\"Call\u00fas\">Call\u00fas<\/option><option value=\"Calonge de Segarra\">Calonge de Segarra<\/option><option value=\"Campins\">Campins<\/option><option value=\"Canet de Mar\">Canet de Mar<\/option><option value=\"Canovelles\">Canovelles<\/option><option value=\"Canyelles\">Canyelles<\/option><option value=\"Capellades\">Capellades<\/option><option value=\"Capolat\">Capolat<\/option><option value=\"Cardedeu\">Cardedeu<\/option><option value=\"Cardona\">Cardona<\/option><option value=\"Carme\">Carme<\/option><option value=\"Casserres\">Casserres<\/option><option value=\"Castell de l&#039;Areny\">Castell de l&#039;Areny<\/option><option value=\"Castellar de n&#039;Hug\">Castellar de n&#039;Hug<\/option><option value=\"Castellar del Riu\">Castellar del Riu<\/option><option value=\"Castellar del Vall\u00e8s\">Castellar del Vall\u00e8s<\/option><option value=\"Castellbell i el Vilar\">Castellbell i el Vilar<\/option><option value=\"Castellbisbal\">Castellbisbal<\/option><option value=\"Castellcir\">Castellcir<\/option><option value=\"Castelldefels\">Castelldefels<\/option><option value=\"Castellet i la Gornal\">Castellet i la Gornal<\/option><option value=\"Castellfollit de Riubreg\u00f3s\">Castellfollit de Riubreg\u00f3s<\/option><option value=\"Castellfollit del Boix\">Castellfollit del Boix<\/option><option value=\"Castellgal\u00ed\">Castellgal\u00ed<\/option><option value=\"Castellnou de Bages\">Castellnou de Bages<\/option><option value=\"Castellol\u00ed\">Castellol\u00ed<\/option><option value=\"Castellter\u00e7ol\">Castellter\u00e7ol<\/option><option value=\"Castellv\u00ed de la Marca\">Castellv\u00ed de la Marca<\/option><option value=\"Castellv\u00ed de Rosanes\">Castellv\u00ed de Rosanes<\/option><option value=\"Centelles\">Centelles<\/option><option value=\"Cercs\">Cercs<\/option><option value=\"Cerdanyola del Vall\u00e8s\">Cerdanyola del Vall\u00e8s<\/option><option value=\"Cervell\u00f3\">Cervell\u00f3<\/option><option value=\"Collbat\u00f3\">Collbat\u00f3<\/option><option value=\"Collsuspina\">Collsuspina<\/option><option value=\"Copons\">Copons<\/option><option value=\"Corbera de Llobregat\">Corbera de Llobregat<\/option><option value=\"Cornell\u00e0 de Llobregat\">Cornell\u00e0 de Llobregat<\/option><option value=\"Cubelles\">Cubelles<\/option><option value=\"C\u00e0noves i Samal\u00fas\">C\u00e0noves i Samal\u00fas<\/option><option value=\"Dosrius\">Dosrius<\/option><option value=\"El Bruc\">El Bruc<\/option><option value=\"El Brull\">El Brull<\/option><option value=\"El Masnou\">El Masnou<\/option><option value=\"El Papiol\">El Papiol<\/option><option value=\"El Pla del Pened\u00e8s\">El Pla del Pened\u00e8s<\/option><option value=\"El Pont de Vilomaral\">El Pont de Vilomaral<\/option><option value=\"El Prat de Llobregat\">El Prat de Llobregat<\/option><option value=\"Els Hostalets de Pierola\">Els Hostalets de Pierola<\/option><option value=\"Els Monjos\">Els Monjos<\/option><option value=\"Els Prats de Rei\">Els Prats de Rei<\/option><option value=\"Esparreguera\">Esparreguera<\/option><option value=\"Esplugues de Llobregat\">Esplugues de Llobregat<\/option><option value=\"Figar\u00f3-Montmany\">Figar\u00f3-Montmany<\/option><option value=\"Fogars de Montcl\u00fas\">Fogars de Montcl\u00fas<\/option><option value=\"Folgueroles\">Folgueroles<\/option><option value=\"Fonollosa\">Fonollosa<\/option><option value=\"Font-rub\u00ed\">Font-rub\u00ed<\/option><option value=\"F\u00edgols\">F\u00edgols<\/option><option value=\"Gai\u00e0\">Gai\u00e0<\/option><option value=\"Gallifa\">Gallifa<\/option><option value=\"Gav\u00e0\">Gav\u00e0<\/option><option value=\"Gelida\">Gelida<\/option><option value=\"Gironella\">Gironella<\/option><option value=\"Gisclareny\">Gisclareny<\/option><option value=\"Granera\">Granera<\/option><option value=\"Granollers\">Granollers<\/option><option value=\"Gualba\">Gualba<\/option><option value=\"Guardiola de Bergued\u00e0\">Guardiola de Bergued\u00e0<\/option><option value=\"Gurb\">Gurb<\/option><option value=\"Igualada\">Igualada<\/option><option value=\"Jorba\">Jorba<\/option><option value=\"L&#039; Ametlla del Vall\u00e8s\">L&#039; Ametlla del Vall\u00e8s<\/option><option value=\"L&#039; Espunyola\">L&#039; Espunyola<\/option><option value=\"L&#039; Estany\">L&#039; Estany<\/option><option value=\"L&#039; Hospitalet de Llobregat\">L&#039; Hospitalet de Llobregat<\/option><option value=\"La Garriga\">La Garriga<\/option><option value=\"La Granada\">La Granada<\/option><option value=\"La Llacuna\">La Llacuna<\/option><option value=\"La Llagosta\">La Llagosta<\/option><option value=\"La Nou de Bergued\u00e0\">La Nou de Bergued\u00e0<\/option><option value=\"La Palma de Cervell\u00f3\">La Palma de Cervell\u00f3<\/option><option value=\"La Pobla de Claramunt\">La Pobla de Claramunt<\/option><option value=\"La Pobla de Lillet\">La Pobla de Lillet<\/option><option value=\"La Quar\">La Quar<\/option><option value=\"La Roca del Vall\u00e8s\">La Roca del Vall\u00e8s<\/option><option value=\"La Torre de Claramunt\">La Torre de Claramunt<\/option><option value=\"Les Cabanyes\">Les Cabanyes<\/option><option value=\"Les Franqueses del Vall\u00e8s\">Les Franqueses del Vall\u00e8s<\/option><option value=\"Les Masies de Roda\">Les Masies de Roda<\/option><option value=\"Les Masies de Voltreg\u00e0\">Les Masies de Voltreg\u00e0<\/option><option value=\"Llinars del Vall\u00e8s\">Llinars del Vall\u00e8s<\/option><option value=\"Lli\u00e7\u00e0 d&#039;Amunt\">Lli\u00e7\u00e0 d&#039;Amunt<\/option><option value=\"Lli\u00e7\u00e0 de Vall\">Lli\u00e7\u00e0 de Vall<\/option><option value=\"Llu\u00e7\u00e0\">Llu\u00e7\u00e0<\/option><option value=\"Malgrat de Mar\">Malgrat de Mar<\/option><option value=\"Malla\">Malla<\/option><option value=\"Manlleu\">Manlleu<\/option><option value=\"Manresa\">Manresa<\/option><option value=\"Marganell\">Marganell<\/option><option value=\"Martorell\">Martorell<\/option><option value=\"Martorelles\">Martorelles<\/option><option value=\"Masquefa\">Masquefa<\/option><option value=\"Matadepera\">Matadepera<\/option><option value=\"Matar\u00f3\">Matar\u00f3<\/option><option value=\"Mediona\">Mediona<\/option><option value=\"Moi\u00e0\">Moi\u00e0<\/option><option value=\"Molins de Rei\">Molins de Rei<\/option><option value=\"Mollet del Vall\u00e8s\">Mollet del Vall\u00e8s<\/option><option value=\"Monistrol de Calders\">Monistrol de Calders<\/option><option value=\"Monistrol de Montserrat\">Monistrol de Montserrat<\/option><option value=\"Montcada i Reixac\">Montcada i Reixac<\/option><option value=\"Montclar\">Montclar<\/option><option value=\"Montesquiu\">Montesquiu<\/option><option value=\"Montgat\">Montgat<\/option><option value=\"Montmajor\">Montmajor<\/option><option value=\"Montmaneu\">Montmaneu<\/option><option value=\"Montmel\u00f3\">Montmel\u00f3<\/option><option value=\"Montorn\u00e8s del Vall\u00e8s\">Montorn\u00e8s del Vall\u00e8s<\/option><option value=\"Montseny\">Montseny<\/option><option value=\"Muntanyola\">Muntanyola<\/option><option value=\"Mura\">Mura<\/option><option value=\"Navarcles\">Navarcles<\/option><option value=\"Nav\u00e0s\">Nav\u00e0s<\/option><option value=\"Olesa de Bonesvalls\">Olesa de Bonesvalls<\/option><option value=\"Olesa de Montserrat\">Olesa de Montserrat<\/option><option value=\"Olivella\">Olivella<\/option><option value=\"Olost\">Olost<\/option><option value=\"Olvan\">Olvan<\/option><option value=\"Ol\u00e8rdola\">Ol\u00e8rdola<\/option><option value=\"Orist\u00e0\">Orist\u00e0<\/option><option value=\"Orp\u00ed\">Orp\u00ed<\/option><option value=\"Or\u00eds\">Or\u00eds<\/option><option value=\"Pacs del Pened\u00e8s\">Pacs del Pened\u00e8s<\/option><option value=\"Palafolls\">Palafolls<\/option><option value=\"Palau-solit\u00e0 i Plegamans\">Palau-solit\u00e0 i Plegamans<\/option><option value=\"Pallej\u00e0\">Pallej\u00e0<\/option><option value=\"Parets del Vall\u00e8s\">Parets del Vall\u00e8s<\/option><option value=\"Perafita\">Perafita<\/option><option value=\"Piera\">Piera<\/option><option value=\"Pineda de Mar\">Pineda de Mar<\/option><option value=\"Poliny\u00e0\">Poliny\u00e0<\/option><option value=\"Pontons\">Pontons<\/option><option value=\"Prats de Llu\u00e7an\u00e8s\">Prats de Llu\u00e7an\u00e8s<\/option><option value=\"Premi\u00e0 de Dalt\">Premi\u00e0 de Dalt<\/option><option value=\"Premi\u00e0 de Mar\">Premi\u00e0 de Mar<\/option><option value=\"Puig-reig\">Puig-reig<\/option><option value=\"Puigd\u00e0lber\">Puigd\u00e0lber<\/option><option value=\"Pujalt\">Pujalt<\/option><option value=\"Rajadell\">Rajadell<\/option><option value=\"Rellinars\">Rellinars<\/option><option value=\"Ripollet\">Ripollet<\/option><option value=\"Roda de Ter\">Roda de Ter<\/option><option value=\"Rubi\u00f3\">Rubi\u00f3<\/option><option value=\"Rub\u00ed\">Rub\u00ed<\/option><option value=\"Rupit i Pruit\">Rupit i Pruit<\/option><option value=\"Sabadell\">Sabadell<\/option><option value=\"Sag\u00e0s\">Sag\u00e0s<\/option><option value=\"Saldes\">Saldes<\/option><option value=\"Sallent\">Sallent<\/option><option value=\"Sant Adri\u00e0 de Bes\u00f2s\">Sant Adri\u00e0 de Bes\u00f2s<\/option><option value=\"Sant Agust\u00ed de Llu\u00e7an\u00e8s\">Sant Agust\u00ed de Llu\u00e7an\u00e8s<\/option><option value=\"Sant Andreu de la Barca\">Sant Andreu de la Barca<\/option><option value=\"Sant Andreu de Llavaneres\">Sant Andreu de Llavaneres<\/option><option value=\"Sant Antoni de Vilamajor\">Sant Antoni de Vilamajor<\/option><option value=\"Sant Bartomeu del Grau\">Sant Bartomeu del Grau<\/option><option value=\"Sant Boi de Llobregat\">Sant Boi de Llobregat<\/option><option value=\"Sant Boi de Llu\u00e7an\u00e8s\">Sant Boi de Llu\u00e7an\u00e8s<\/option><option value=\"Sant Cebri\u00e0 de Vallalta\">Sant Cebri\u00e0 de Vallalta<\/option><option value=\"Sant Celoni\">Sant Celoni<\/option><option value=\"Sant Climent de Llobregat\">Sant Climent de Llobregat<\/option><option value=\"Sant Cugat del Vall\u00e8s\">Sant Cugat del Vall\u00e8s<\/option><option value=\"Sant Cugat Sesgarrigues\">Sant Cugat Sesgarrigues<\/option><option value=\"Sant Esteve de Palautordera\">Sant Esteve de Palautordera<\/option><option value=\"Sant Esteve Sesrovires\">Sant Esteve Sesrovires<\/option><option value=\"Sant Feliu de Codines\">Sant Feliu de Codines<\/option><option value=\"Sant Feliu de Llobregat\">Sant Feliu de Llobregat<\/option><option value=\"Sant Feliu Sasserra\">Sant Feliu Sasserra<\/option><option value=\"Sant Fost de Campsentelles\">Sant Fost de Campsentelles<\/option><option value=\"Sant Fruit\u00f3s de Bages\">Sant Fruit\u00f3s de Bages<\/option><option value=\"Sant Hip\u00f2lit de Voltreg\u00e0\">Sant Hip\u00f2lit de Voltreg\u00e0<\/option><option value=\"Sant Iscle de Vallalta\">Sant Iscle de Vallalta<\/option><option value=\"Sant Jaume de Frontany\u00e0\">Sant Jaume de Frontany\u00e0<\/option><option value=\"Sant Joan de Vilatorrada\">Sant Joan de Vilatorrada<\/option><option value=\"Sant Joan Desp\u00ed\">Sant Joan Desp\u00ed<\/option><option value=\"Sant Juli\u00e0 de Cerdanyola\">Sant Juli\u00e0 de Cerdanyola<\/option><option value=\"Sant Juli\u00e0 de Vilatorta\">Sant Juli\u00e0 de Vilatorta<\/option><option value=\"Sant Just Desvern\">Sant Just Desvern<\/option><option value=\"Sant Lloren\u00e7 d&#039;Hortons\">Sant Lloren\u00e7 d&#039;Hortons<\/option><option value=\"Sant Lloren\u00e7 Savall\">Sant Lloren\u00e7 Savall<\/option><option value=\"Sant Mart\u00ed d&#039;Albars\">Sant Mart\u00ed d&#039;Albars<\/option><option value=\"Sant Mart\u00ed de Centelles\">Sant Mart\u00ed de Centelles<\/option><option value=\"Sant Mart\u00ed de Tous\">Sant Mart\u00ed de Tous<\/option><option value=\"Sant Mart\u00ed Sarroca\">Sant Mart\u00ed Sarroca<\/option><option value=\"Sant Mart\u00ed Sesgueioles\">Sant Mart\u00ed Sesgueioles<\/option><option value=\"Sant Mateu de Bages\">Sant Mateu de Bages<\/option><option value=\"Sant Pere de Ribes\">Sant Pere de Ribes<\/option><option value=\"Sant Pere de Riudebitlles\">Sant Pere de Riudebitlles<\/option><option value=\"Sant Pere de Torell\u00f3\">Sant Pere de Torell\u00f3<\/option><option value=\"Sant Pere de Vilamajor\">Sant Pere de Vilamajor<\/option><option value=\"Sant Pere Sallavinera\">Sant Pere Sallavinera<\/option><option value=\"Sant Pol de Mar\">Sant Pol de Mar<\/option><option value=\"Sant Quint\u00ed de Mediona\">Sant Quint\u00ed de Mediona<\/option><option value=\"Sant Quirze de Besora\">Sant Quirze de Besora<\/option><option value=\"Sant Quirze del Vall\u00e8s\">Sant Quirze del Vall\u00e8s<\/option><option value=\"Sant Quirze Safaja\">Sant Quirze Safaja<\/option><option value=\"Sant Sadurn\u00ed d&#039;Anoia\">Sant Sadurn\u00ed d&#039;Anoia<\/option><option value=\"Sant Sadurn\u00ed d&#039;Osormort\">Sant Sadurn\u00ed d&#039;Osormort<\/option><option value=\"Sant Salvador de Guardiola\">Sant Salvador de Guardiola<\/option><option value=\"Sant Vicen\u00e7 de Castellet\">Sant Vicen\u00e7 de Castellet<\/option><option value=\"Sant Vicen\u00e7 de Montalt\">Sant Vicen\u00e7 de Montalt<\/option><option value=\"Sant Vicen\u00e7 de Torell\u00f3\">Sant Vicen\u00e7 de Torell\u00f3<\/option><option value=\"Sant Vicen\u00e7 dels Horts\">Sant Vicen\u00e7 dels Horts<\/option><option value=\"Santa Cec\u00edlia de Voltreg\u00e0\">Santa Cec\u00edlia de Voltreg\u00e0<\/option><option value=\"Santa Coloma de Cervell\u00f3\">Santa Coloma de Cervell\u00f3<\/option><option value=\"Santa Coloma de Gramenet\">Santa Coloma de Gramenet<\/option><option value=\"Santa Eug\u00e8nia de Berga\">Santa Eug\u00e8nia de Berga<\/option><option value=\"Santa Eul\u00e0lia de Riuprimer\">Santa Eul\u00e0lia de Riuprimer<\/option><option value=\"Santa Eul\u00e0lia de Ron\u00e7ana\">Santa Eul\u00e0lia de Ron\u00e7ana<\/option><option value=\"Santa Fe del Pened\u00e8s\">Santa Fe del Pened\u00e8s<\/option><option value=\"Santa Margarida de Montbui\">Santa Margarida de Montbui<\/option><option value=\"Santa Maria d&#039;Ol\u00f3\">Santa Maria d&#039;Ol\u00f3<\/option><option value=\"Santa Maria de Besora\">Santa Maria de Besora<\/option><option value=\"Santa Maria de Corc\u00f3\">Santa Maria de Corc\u00f3<\/option><option value=\"Santa Maria de Martorelles\">Santa Maria de Martorelles<\/option><option value=\"Santa Maria de Merl\u00e8s\">Santa Maria de Merl\u00e8s<\/option><option value=\"Santa Maria de Miralles\">Santa Maria de Miralles<\/option><option value=\"Santa Maria de Palautordera\">Santa Maria de Palautordera<\/option><option value=\"Santa Perp\u00e8tua de Mogoda\">Santa Perp\u00e8tua de Mogoda<\/option><option value=\"Santa Susanna\">Santa Susanna<\/option><option value=\"Santpedor\">Santpedor<\/option><option value=\"Sentmenat\">Sentmenat<\/option><option value=\"Seva\">Seva<\/option><option value=\"Sitges\">Sitges<\/option><option value=\"Sobremunt\">Sobremunt<\/option><option value=\"Sora\">Sora<\/option><option value=\"Subirats\">Subirats<\/option><option value=\"S\u00faria\">S\u00faria<\/option><option value=\"Tagamanent\">Tagamanent<\/option><option value=\"Talamanca\">Talamanca<\/option><option value=\"Taradell\">Taradell<\/option><option value=\"Tavertet\">Tavertet<\/option><option value=\"Tav\u00e8rnoles\">Tav\u00e8rnoles<\/option><option value=\"Tei\u00e0\">Tei\u00e0<\/option><option value=\"Terrassa\">Terrassa<\/option><option value=\"Tiana\">Tiana<\/option><option value=\"Tona\">Tona<\/option><option value=\"Tordera\">Tordera<\/option><option value=\"Torell\u00f3\">Torell\u00f3<\/option><option value=\"Torrelavit\">Torrelavit<\/option><option value=\"Torrelles de Foix\">Torrelles de Foix<\/option><option value=\"Torrelles de Llobregat\">Torrelles de Llobregat<\/option><option value=\"Ullastrell\">Ullastrell<\/option><option value=\"Vacarisses\">Vacarisses<\/option><option value=\"Vallbona d&#039;Anoia\">Vallbona d&#039;Anoia<\/option><option value=\"Vallcebre\">Vallcebre<\/option><option value=\"Vallgorguina\">Vallgorguina<\/option><option value=\"Vallirana\">Vallirana<\/option><option value=\"Vallromanes\">Vallromanes<\/option><option value=\"Veciana\">Veciana<\/option><option value=\"Vic\">Vic<\/option><option value=\"Vilada\">Vilada<\/option><option value=\"Viladecans\">Viladecans<\/option><option value=\"Viladecavalls\">Viladecavalls<\/option><option value=\"Vilafranca del Pened\u00e8s\">Vilafranca del Pened\u00e8s<\/option><option value=\"Vilalba Sasserra\">Vilalba Sasserra<\/option><option value=\"Vilanova de Sau\">Vilanova de Sau<\/option><option value=\"Vilanova del Cam\u00ed\">Vilanova del Cam\u00ed<\/option><option value=\"Vilanova del Vall\u00e8s\">Vilanova del Vall\u00e8s<\/option><option value=\"Vilanova i la Geltr\u00fa\">Vilanova i la Geltr\u00fa<\/option><option value=\"Vilassar de Dalt\">Vilassar de Dalt<\/option><option value=\"Vilassar de Mar\">Vilassar de Mar<\/option><option value=\"Vilob\u00ed del Pened\u00e8s\">Vilob\u00ed del Pened\u00e8s<\/option><option value=\"Viver i Serrateix\">Viver i Serrateix<\/option><option value=\"\u00d2dena\">\u00d2dena<\/option><option value=\"\u00d2rrius\">\u00d2rrius<\/option><\/select><\/span>\n<\/p>\n<p>QUEL TYPE DE BIEN :<br \/>\n<span class=\"wpcf7-form-control-wrap\" data-name=\"checkbox-413\"><span class=\"wpcf7-form-control wpcf7-checkbox wpcf7-validates-as-required\"><span class=\"wpcf7-list-item first\"><input type=\"checkbox\" name=\"checkbox-413[]\" value=\"Appartement\" \/><span class=\"wpcf7-list-item-label\">Appartement<\/span><\/span><span class=\"wpcf7-list-item\"><input type=\"checkbox\" name=\"checkbox-413[]\" value=\"Maison\" \/><span class=\"wpcf7-list-item-label\">Maison<\/span><\/span><span class=\"wpcf7-list-item last\"><input type=\"checkbox\" name=\"checkbox-413[]\" value=\"autre\" \/><span class=\"wpcf7-list-item-label\">autre<\/span><\/span><\/span><\/span>\n<\/p>\n<p>SURFACE MINIMUM (en m\u00b2) :<br \/>\n<span class=\"wpcf7-form-control-wrap\" data-name=\"your-number\"><input class=\"wpcf7-form-control wpcf7-number wpcf7-validates-as-required wpcf7-validates-as-number\" min=\"20\" max=\"600\" aria-required=\"true\" aria-invalid=\"false\" value=\"\" type=\"number\" name=\"your-number\" \/><\/span>\n<\/p>\n<p>NOMBRE DE CHAMBRES MINIUM :<br \/>\n<span class=\"wpcf7-form-control-wrap\" data-name=\"NOMBRECHAMBREMINIUM\"><span class=\"wpcf7-form-control wpcf7-checkbox wpcf7-validates-as-required\"><span class=\"wpcf7-list-item first\"><input type=\"checkbox\" name=\"NOMBRECHAMBREMINIUM[]\" value=\"1\" \/><span class=\"wpcf7-list-item-label\">1<\/span><\/span><span class=\"wpcf7-list-item\"><input type=\"checkbox\" name=\"NOMBRECHAMBREMINIUM[]\" value=\"2\" \/><span class=\"wpcf7-list-item-label\">2<\/span><\/span><span class=\"wpcf7-list-item\"><input type=\"checkbox\" name=\"NOMBRECHAMBREMINIUM[]\" value=\"3\" \/><span class=\"wpcf7-list-item-label\">3<\/span><\/span><span class=\"wpcf7-list-item\"><input type=\"checkbox\" name=\"NOMBRECHAMBREMINIUM[]\" value=\"4\" \/><span class=\"wpcf7-list-item-label\">4<\/span><\/span><span class=\"wpcf7-list-item last\"><input type=\"checkbox\" name=\"NOMBRECHAMBREMINIUM[]\" value=\"5\" \/><span class=\"wpcf7-list-item-label\">5<\/span><\/span><\/span><\/span>\n<\/p>\n<p>PRIX MAXIMUM en \u20ac (HORS frais de notaire entre 10% et 12%) :<br \/>\n<span class=\"wpcf7-form-control-wrap\" data-name=\"PRIXMAX\"><input class=\"wpcf7-form-control wpcf7-number wpcf7-validates-as-required wpcf7-validates-as-number\" aria-required=\"true\" aria-invalid=\"false\" value=\"PRIX MAXIMUM\" type=\"number\" name=\"PRIXMAX\" \/><\/span>\n<\/p>\n<p>CRIT\u00c8RES OBLIGATOIRES (vous souhaitez absolument ces crit\u00e8res) :<br \/>\n<span class=\"wpcf7-form-control-wrap\" data-name=\"CRITEREOBLIGATOIRE\"><span class=\"wpcf7-form-control wpcf7-checkbox wpcf7-validates-as-required\"><span class=\"wpcf7-list-item first\"><input type=\"checkbox\" name=\"CRITEREOBLIGATOIRE[]\" value=\"SANS GROS TRAVAUX\" \/><span class=\"wpcf7-list-item-label\">SANS GROS TRAVAUX<\/span><\/span><span class=\"wpcf7-list-item\"><input type=\"checkbox\" name=\"CRITEREOBLIGATOIRE[]\" value=\"VUE SUR MER\" \/><span class=\"wpcf7-list-item-label\">VUE SUR MER<\/span><\/span><span class=\"wpcf7-list-item\"><input type=\"checkbox\" name=\"CRITEREOBLIGATOIRE[]\" value=\"DERNIER \u00c9TAGE\" \/><span class=\"wpcf7-list-item-label\">DERNIER \u00c9TAGE<\/span><\/span><span class=\"wpcf7-list-item\"><input type=\"checkbox\" name=\"CRITEREOBLIGATOIRE[]\" value=\"MEUBL\u00c9\" \/><span class=\"wpcf7-list-item-label\">MEUBL\u00c9<\/span><\/span><span class=\"wpcf7-list-item\"><input type=\"checkbox\" name=\"CRITEREOBLIGATOIRE[]\" value=\"CUISINE \u00c9QUIP\u00c9E\" \/><span class=\"wpcf7-list-item-label\">CUISINE \u00c9QUIP\u00c9E<\/span><\/span><span class=\"wpcf7-list-item\"><input type=\"checkbox\" name=\"CRITEREOBLIGATOIRE[]\" value=\"ASCENSEUR\" \/><span class=\"wpcf7-list-item-label\">ASCENSEUR<\/span><\/span><span class=\"wpcf7-list-item\"><input type=\"checkbox\" name=\"CRITEREOBLIGATOIRE[]\" value=\"TERRASSE\" \/><span class=\"wpcf7-list-item-label\">TERRASSE<\/span><\/span><span class=\"wpcf7-list-item\"><input type=\"checkbox\" name=\"CRITEREOBLIGATOIRE[]\" value=\"GARAGE\/PARKING\" \/><span class=\"wpcf7-list-item-label\">GARAGE\/PARKING<\/span><\/span><span class=\"wpcf7-list-item\"><input type=\"checkbox\" name=\"CRITEREOBLIGATOIRE[]\" value=\"CLIMATISATION\" \/><span class=\"wpcf7-list-item-label\">CLIMATISATION<\/span><\/span><span class=\"wpcf7-list-item\"><input type=\"checkbox\" name=\"CRITEREOBLIGATOIRE[]\" value=\"PISCINE\" \/><span class=\"wpcf7-list-item-label\">PISCINE<\/span><\/span><span class=\"wpcf7-list-item last\"><input type=\"checkbox\" name=\"CRITEREOBLIGATOIRE[]\" value=\"HANDICAP\u00c9 ADAPT\u00c9\" \/><span class=\"wpcf7-list-item-label\">HANDICAP\u00c9 ADAPT\u00c9<\/span><\/span><\/span><\/span>\n<\/p>\n<p>Avez-vous un message, une pr\u00e9cision \u00e0 nous transmettre :<br \/>\n<span class=\"wpcf7-form-control-wrap\" data-name=\"your-message\"><textarea cols=\"40\" rows=\"10\" maxlength=\"2000\" class=\"wpcf7-form-control wpcf7-textarea\" aria-invalid=\"false\" name=\"your-message\"><\/textarea><\/span>\n<\/p>\n<p><input class=\"wpcf7-form-control wpcf7-submit has-spinner\" type=\"submit\" value=\"Envoyer\" \/>\n<\/p><div class=\"wpcf7-response-output\" aria-hidden=\"true\"><\/div>\n<\/form>\n<\/div>\n\t\t\t\t\t\t\t\t<\/div>\n\t\t\t\t<\/div>\n\t\t\t\t\t<\/div>\n\t\t<\/div>\n\t\t\t\t\t<\/div>\n\t\t<\/section>\n\t\t\t\t<section class=\"elementor-section elementor-top-section elementor-element elementor-element-8f08f04 elementor-section-boxed elementor-section-height-default elementor-section-height-default\" data-id=\"8f08f04\" data-element_type=\"section\" data-e-type=\"section\">\n\t\t\t\t\t\t<div class=\"elementor-container elementor-column-gap-default\">\n\t\t\t\t\t<div class=\"elementor-column elementor-col-100 elementor-top-column elementor-element elementor-element-47f608e\" data-id=\"47f608e\" data-element_type=\"column\" data-e-type=\"column\">\n\t\t\t<div class=\"elementor-widget-wrap elementor-element-populated\">\n\t\t\t\t\t\t<div class=\"elementor-element elementor-element-1ef9d9d elementor-widget elementor-widget-text-editor\" data-id=\"1ef9d9d\" data-element_type=\"widget\" data-e-type=\"widget\" data-widget_type=\"text-editor.default\">\n\t\t\t\t<div class=\"elementor-widget-container\">\n\t\t\t\t\t\t\t\t\t<p>Lorsque l\u2019on ach\u00e8te un bien immobilier en Espagne on doit faire appel aux services d\u2019un cabinet d\u2019avocat en Espagne. En effet, le notaire espagnol ne proc\u00e8de pas aux m\u00eames investigations qu\u2019un notaire en France et c\u2019est l\u2019avocat en Espagne qui se charge de v\u00e9rifier la conformit\u00e9 et la l\u00e9galit\u00e9 du bien immobilier.<\/p>\t\t\t\t\t\t\t\t<\/div>\n\t\t\t\t<\/div>\n\t\t\t\t\t<\/div>\n\t\t<\/div>\n\t\t\t\t\t<\/div>\n\t\t<\/section>\n\t\t\t\t<section class=\"elementor-section elementor-top-section elementor-element elementor-element-6e6e9603 elementor-section-stretched elementor-section-boxed elementor-section-height-default elementor-section-height-default\" data-id=\"6e6e9603\" data-element_type=\"section\" data-e-type=\"section\" data-settings=\"{&quot;stretch_section&quot;:&quot;section-stretched&quot;}\">\n\t\t\t\t\t\t<div class=\"elementor-container elementor-column-gap-default\">\n\t\t\t\t\t<div class=\"elementor-column elementor-col-50 elementor-top-column elementor-element elementor-element-2327b32f\" data-id=\"2327b32f\" data-element_type=\"column\" data-e-type=\"column\">\n\t\t\t<div class=\"elementor-widget-wrap elementor-element-populated\">\n\t\t\t\t\t\t<div class=\"elementor-element elementor-element-41c05a98 elementor-view-default elementor-position-block-start elementor-mobile-position-block-start elementor-widget elementor-widget-icon-box\" data-id=\"41c05a98\" data-element_type=\"widget\" data-e-type=\"widget\" data-widget_type=\"icon-box.default\">\n\t\t\t\t<div class=\"elementor-widget-container\">\n\t\t\t\t\t\t\t<div class=\"elementor-icon-box-wrapper\">\n\n\t\t\t\t\t\t<div class=\"elementor-icon-box-icon\">\n\t\t\t\t<span  class=\"elementor-icon\">\n\t\t\t\t<i class=\"fa fa-balance-scale\" aria-hidden=\"true\"><\/i>\t\t\t\t<\/span>\n\t\t\t<\/div>\n\t\t\t\n\t\t\t\t\t\t<div class=\"elementor-icon-box-content\">\n\n\t\t\t\t\t\t\t\t\t<h2 class=\"elementor-icon-box-title\">\n\t\t\t\t\t\t<span  >\n\t\t\t\t\t\t\tABOGADOS\t\t\t\t\t\t<\/span>\n\t\t\t\t\t<\/h2>\n\t\t\t\t\n\t\t\t\t\t\t\t\t\t<p class=\"elementor-icon-box-description\">\n\t\t\t\t\t\tAVOCATS SP\u00c9CIALIS\u00c9S EN ACHAT IMMOBILIER SUR TOUTE L'ESPAGNE\t\t\t\t\t<\/p>\n\t\t\t\t\n\t\t\t<\/div>\n\t\t\t\n\t\t<\/div>\n\t\t\t\t\t\t<\/div>\n\t\t\t\t<\/div>\n\t\t\t\t<div class=\"elementor-element elementor-element-370aadef elementor-widget elementor-widget-heading\" data-id=\"370aadef\" data-element_type=\"widget\" data-e-type=\"widget\" data-widget_type=\"heading.default\">\n\t\t\t\t<div class=\"elementor-widget-container\">\n\t\t\t\t\t<p class=\"elementor-heading-title elementor-size-large\"><a href=\"https:\/\/immobilier-en-espagne.com\/services-juridiques-immobilier.html\">EN SAVOIR + <\/a><\/p>\t\t\t\t<\/div>\n\t\t\t\t<\/div>\n\t\t\t\t\t<\/div>\n\t\t<\/div>\n\t\t\t\t<div class=\"elementor-column elementor-col-50 elementor-top-column elementor-element elementor-element-4ae605bb\" data-id=\"4ae605bb\" data-element_type=\"column\" data-e-type=\"column\">\n\t\t\t<div class=\"elementor-widget-wrap elementor-element-populated\">\n\t\t\t\t\t\t<div class=\"elementor-element elementor-element-a44fc05 elementor-view-default elementor-position-block-start elementor-mobile-position-block-start elementor-widget elementor-widget-icon-box\" data-id=\"a44fc05\" data-element_type=\"widget\" data-e-type=\"widget\" data-widget_type=\"icon-box.default\">\n\t\t\t\t<div class=\"elementor-widget-container\">\n\t\t\t\t\t\t\t<div class=\"elementor-icon-box-wrapper\">\n\n\t\t\t\t\t\t<div class=\"elementor-icon-box-icon\">\n\t\t\t\t<span  class=\"elementor-icon\">\n\t\t\t\t<i class=\"fa fa-newspaper-o\" aria-hidden=\"true\"><\/i>\t\t\t\t<\/span>\n\t\t\t<\/div>\n\t\t\t\n\t\t\t\t\t\t<div class=\"elementor-icon-box-content\">\n\n\t\t\t\t\t\t\t\t\t<h2 class=\"elementor-icon-box-title\">\n\t\t\t\t\t\t<span  >\n\t\t\t\t\t\t\tFORMALIT\u00c9S\t\t\t\t\t\t<\/span>\n\t\t\t\t\t<\/h2>\n\t\t\t\t\n\t\t\t\t\t\t\t\t\t<p class=\"elementor-icon-box-description\">\n\t\t\t\t\t\tTOUTES LES FORMALIT\u00c9S A EFFECTUER QUAND ON ACH\u00c8TE EN ESPAGNE\n\t\t\t\t\t<\/p>\n\t\t\t\t\n\t\t\t<\/div>\n\t\t\t\n\t\t<\/div>\n\t\t\t\t\t\t<\/div>\n\t\t\t\t<\/div>\n\t\t\t\t<div class=\"elementor-element elementor-element-6a75a746 elementor-widget elementor-widget-heading\" data-id=\"6a75a746\" data-element_type=\"widget\" data-e-type=\"widget\" data-widget_type=\"heading.default\">\n\t\t\t\t<div class=\"elementor-widget-container\">\n\t\t\t\t\t<p class=\"elementor-heading-title elementor-size-large\"><a href=\"https:\/\/immobilier-en-espagne.com\/formalite-espagne.html\">EN SAVOIR + <\/a><\/p>\t\t\t\t<\/div>\n\t\t\t\t<\/div>\n\t\t\t\t\t<\/div>\n\t\t<\/div>\n\t\t\t\t\t<\/div>\n\t\t<\/section>\n\t\t\t\t<\/div>\n\t\t","protected":false},"excerpt":{"rendered":"<p>J&rsquo;ENVOIE EN 1 CLIC MA DEMANDE DE RECHERCHE A TOUTES LES AGENCES IMMOBILI\u00c8RES SUR BARCELONE. Lorsque l\u2019on ach\u00e8te un bien immobilier en [&hellip;]<\/p>\n","protected":false},"author":1,"featured_media":0,"comment_status":"closed","ping_status":"open","sticky":false,"template":"elementor_header_footer","format":"standard","meta":{"footnotes":""},"categories":[3961],"tags":[],"class_list":["post-3005","post","type-post","status-publish","format-standard","hentry","category-agence-immobiliere-espagne"],"yoast_head":"<!-- This site is optimized with the Yoast SEO plugin v26.3 - https:\/\/yoast.com\/wordpress\/plugins\/seo\/ -->\n<title>CONTACT TOUTES LES AGENCES DE BARCELONE<\/title>\n<meta name=\"description\" content=\"CONTACT TOUTES LES AGENCES DE BARCELONE\" \/>\n<meta name=\"robots\" content=\"index, follow, max-snippet:-1, max-image-preview:large, max-video-preview:-1\" \/>\n<link rel=\"canonical\" href=\"https:\/\/immobilier-en-espagne.com\/blog-espagne\/contact-agences-immobilieres-barcelone\/\" \/>\n<meta property=\"og:locale\" content=\"fr_FR\" \/>\n<meta property=\"og:type\" content=\"article\" \/>\n<meta property=\"og:title\" content=\"CONTACT TOUTES LES AGENCES DE BARCELONE\" \/>\n<meta property=\"og:description\" content=\"CONTACT TOUTES LES AGENCES DE BARCELONE\" \/>\n<meta property=\"og:url\" content=\"https:\/\/immobilier-en-espagne.com\/blog-espagne\/contact-agences-immobilieres-barcelone\/\" \/>\n<meta property=\"og:site_name\" content=\"Acheter en Espagne\" \/>\n<meta property=\"article:publisher\" content=\"https:\/\/www.facebook.com\/acheterenespagne\/\" \/>\n<meta property=\"article:published_time\" content=\"2019-07-08T15:01:24+00:00\" \/>\n<meta property=\"article:modified_time\" content=\"2019-07-08T15:03:08+00:00\" \/>\n<meta property=\"og:image\" content=\"https:\/\/immobilier-en-espagne.com\/blog-espagne\/wp-content\/uploads\/2026\/03\/logo.png\" \/>\n\t<meta property=\"og:image:width\" content=\"1024\" \/>\n\t<meta property=\"og:image:height\" content=\"1024\" \/>\n\t<meta property=\"og:image:type\" content=\"image\/png\" \/>\n<meta name=\"author\" content=\"moicz2@S\" \/>\n<meta name=\"twitter:card\" content=\"summary_large_image\" \/>\n<meta name=\"twitter:label1\" content=\"\u00c9crit par\" \/>\n\t<meta name=\"twitter:data1\" content=\"moicz2@S\" \/>\n\t<meta name=\"twitter:label2\" content=\"Dur\u00e9e de lecture estim\u00e9e\" \/>\n\t<meta name=\"twitter:data2\" content=\"1 minute\" \/>\n<script type=\"application\/ld+json\" class=\"yoast-schema-graph\">{\"@context\":\"https:\/\/schema.org\",\"@graph\":[{\"@type\":\"Article\",\"@id\":\"https:\/\/immobilier-en-espagne.com\/blog-espagne\/contact-agences-immobilieres-barcelone\/#article\",\"isPartOf\":{\"@id\":\"https:\/\/immobilier-en-espagne.com\/blog-espagne\/contact-agences-immobilieres-barcelone\/\"},\"author\":{\"name\":\"moicz2@S\",\"@id\":\"https:\/\/immobilier-en-espagne.com\/blog-espagne\/#\/schema\/person\/81a04a9b727e6c4963e262dd67e9ed48\"},\"headline\":\"CONTACT TOUTES LES AGENCES DE BARCELONE\",\"datePublished\":\"2019-07-08T15:01:24+00:00\",\"dateModified\":\"2019-07-08T15:03:08+00:00\",\"mainEntityOfPage\":{\"@id\":\"https:\/\/immobilier-en-espagne.com\/blog-espagne\/contact-agences-immobilieres-barcelone\/\"},\"wordCount\":119,\"publisher\":{\"@id\":\"https:\/\/immobilier-en-espagne.com\/blog-espagne\/#organization\"},\"articleSection\":[\"AGENCE IMMOBILI\u00c8RE ESPAGNE\"],\"inLanguage\":\"fr-FR\"},{\"@type\":\"WebPage\",\"@id\":\"https:\/\/immobilier-en-espagne.com\/blog-espagne\/contact-agences-immobilieres-barcelone\/\",\"url\":\"https:\/\/immobilier-en-espagne.com\/blog-espagne\/contact-agences-immobilieres-barcelone\/\",\"name\":\"CONTACT TOUTES LES AGENCES DE BARCELONE\",\"isPartOf\":{\"@id\":\"https:\/\/immobilier-en-espagne.com\/blog-espagne\/#website\"},\"datePublished\":\"2019-07-08T15:01:24+00:00\",\"dateModified\":\"2019-07-08T15:03:08+00:00\",\"description\":\"CONTACT TOUTES LES AGENCES DE BARCELONE\",\"breadcrumb\":{\"@id\":\"https:\/\/immobilier-en-espagne.com\/blog-espagne\/contact-agences-immobilieres-barcelone\/#breadcrumb\"},\"inLanguage\":\"fr-FR\",\"potentialAction\":[{\"@type\":\"ReadAction\",\"target\":[\"https:\/\/immobilier-en-espagne.com\/blog-espagne\/contact-agences-immobilieres-barcelone\/\"]}]},{\"@type\":\"BreadcrumbList\",\"@id\":\"https:\/\/immobilier-en-espagne.com\/blog-espagne\/contact-agences-immobilieres-barcelone\/#breadcrumb\",\"itemListElement\":[{\"@type\":\"ListItem\",\"position\":1,\"name\":\"\u00bb Immobilier Espagne\",\"item\":\"https:\/\/immobilier-en-espagne.com\/blog-espagne\/\"},{\"@type\":\"ListItem\",\"position\":2,\"name\":\"AGENCE IMMOBILI\u00c8RE ESPAGNE\",\"item\":\"https:\/\/immobilier-en-espagne.com\/blog-espagne\/category\/agence-immobiliere-espagne\/\"},{\"@type\":\"ListItem\",\"position\":3,\"name\":\"CONTACT TOUTES LES AGENCES DE BARCELONE\"}]},{\"@type\":\"WebSite\",\"@id\":\"https:\/\/immobilier-en-espagne.com\/blog-espagne\/#website\",\"url\":\"https:\/\/immobilier-en-espagne.com\/blog-espagne\/\",\"name\":\"Acheter en Espagne\",\"description\":\"Achat immobilier en toute s\u00e9r\u00e9nit\u00e9\",\"publisher\":{\"@id\":\"https:\/\/immobilier-en-espagne.com\/blog-espagne\/#organization\"},\"potentialAction\":[{\"@type\":\"SearchAction\",\"target\":{\"@type\":\"EntryPoint\",\"urlTemplate\":\"https:\/\/immobilier-en-espagne.com\/blog-espagne\/?s={search_term_string}\"},\"query-input\":{\"@type\":\"PropertyValueSpecification\",\"valueRequired\":true,\"valueName\":\"search_term_string\"}}],\"inLanguage\":\"fr-FR\"},{\"@type\":\"Organization\",\"@id\":\"https:\/\/immobilier-en-espagne.com\/blog-espagne\/#organization\",\"name\":\"ESPAGNE SUPPORT & Avocats francophones partenaires\",\"url\":\"https:\/\/immobilier-en-espagne.com\/blog-espagne\/\",\"logo\":{\"@type\":\"ImageObject\",\"inLanguage\":\"fr-FR\",\"@id\":\"https:\/\/immobilier-en-espagne.com\/blog-espagne\/#\/schema\/logo\/image\/\",\"url\":\"https:\/\/immobilier-en-espagne.com\/blog-espagne\/wp-content\/uploads\/2026\/03\/logo.png\",\"contentUrl\":\"https:\/\/immobilier-en-espagne.com\/blog-espagne\/wp-content\/uploads\/2026\/03\/logo.png\",\"width\":1024,\"height\":1024,\"caption\":\"ESPAGNE SUPPORT & Avocats francophones partenaires\"},\"image\":{\"@id\":\"https:\/\/immobilier-en-espagne.com\/blog-espagne\/#\/schema\/logo\/image\/\"},\"sameAs\":[\"https:\/\/www.facebook.com\/acheterenespagne\/\"]},{\"@type\":\"Person\",\"@id\":\"https:\/\/immobilier-en-espagne.com\/blog-espagne\/#\/schema\/person\/81a04a9b727e6c4963e262dd67e9ed48\",\"name\":\"moicz2@S\",\"image\":{\"@type\":\"ImageObject\",\"inLanguage\":\"fr-FR\",\"@id\":\"https:\/\/immobilier-en-espagne.com\/blog-espagne\/#\/schema\/person\/image\/\",\"url\":\"https:\/\/secure.gravatar.com\/avatar\/d9db4ae65fa686969a55211e8955cf2f?s=96&d=mm&r=g\",\"contentUrl\":\"https:\/\/secure.gravatar.com\/avatar\/d9db4ae65fa686969a55211e8955cf2f?s=96&d=mm&r=g\",\"caption\":\"moicz2@S\"}}]}<\/script>\n<!-- \/ Yoast SEO plugin. -->","yoast_head_json":{"title":"CONTACT TOUTES LES AGENCES DE BARCELONE","description":"CONTACT TOUTES LES AGENCES DE BARCELONE","robots":{"index":"index","follow":"follow","max-snippet":"max-snippet:-1","max-image-preview":"max-image-preview:large","max-video-preview":"max-video-preview:-1"},"canonical":"https:\/\/immobilier-en-espagne.com\/blog-espagne\/contact-agences-immobilieres-barcelone\/","og_locale":"fr_FR","og_type":"article","og_title":"CONTACT TOUTES LES AGENCES DE BARCELONE","og_description":"CONTACT TOUTES LES AGENCES DE BARCELONE","og_url":"https:\/\/immobilier-en-espagne.com\/blog-espagne\/contact-agences-immobilieres-barcelone\/","og_site_name":"Acheter en Espagne","article_publisher":"https:\/\/www.facebook.com\/acheterenespagne\/","article_published_time":"2019-07-08T15:01:24+00:00","article_modified_time":"2019-07-08T15:03:08+00:00","og_image":[{"width":1024,"height":1024,"url":"https:\/\/immobilier-en-espagne.com\/blog-espagne\/wp-content\/uploads\/2026\/03\/logo.png","type":"image\/png"}],"author":"moicz2@S","twitter_card":"summary_large_image","twitter_misc":{"\u00c9crit par":"moicz2@S","Dur\u00e9e de lecture estim\u00e9e":"1 minute"},"schema":{"@context":"https:\/\/schema.org","@graph":[{"@type":"Article","@id":"https:\/\/immobilier-en-espagne.com\/blog-espagne\/contact-agences-immobilieres-barcelone\/#article","isPartOf":{"@id":"https:\/\/immobilier-en-espagne.com\/blog-espagne\/contact-agences-immobilieres-barcelone\/"},"author":{"name":"moicz2@S","@id":"https:\/\/immobilier-en-espagne.com\/blog-espagne\/#\/schema\/person\/81a04a9b727e6c4963e262dd67e9ed48"},"headline":"CONTACT TOUTES LES AGENCES DE BARCELONE","datePublished":"2019-07-08T15:01:24+00:00","dateModified":"2019-07-08T15:03:08+00:00","mainEntityOfPage":{"@id":"https:\/\/immobilier-en-espagne.com\/blog-espagne\/contact-agences-immobilieres-barcelone\/"},"wordCount":119,"publisher":{"@id":"https:\/\/immobilier-en-espagne.com\/blog-espagne\/#organization"},"articleSection":["AGENCE IMMOBILI\u00c8RE ESPAGNE"],"inLanguage":"fr-FR"},{"@type":"WebPage","@id":"https:\/\/immobilier-en-espagne.com\/blog-espagne\/contact-agences-immobilieres-barcelone\/","url":"https:\/\/immobilier-en-espagne.com\/blog-espagne\/contact-agences-immobilieres-barcelone\/","name":"CONTACT TOUTES LES AGENCES DE BARCELONE","isPartOf":{"@id":"https:\/\/immobilier-en-espagne.com\/blog-espagne\/#website"},"datePublished":"2019-07-08T15:01:24+00:00","dateModified":"2019-07-08T15:03:08+00:00","description":"CONTACT TOUTES LES AGENCES DE BARCELONE","breadcrumb":{"@id":"https:\/\/immobilier-en-espagne.com\/blog-espagne\/contact-agences-immobilieres-barcelone\/#breadcrumb"},"inLanguage":"fr-FR","potentialAction":[{"@type":"ReadAction","target":["https:\/\/immobilier-en-espagne.com\/blog-espagne\/contact-agences-immobilieres-barcelone\/"]}]},{"@type":"BreadcrumbList","@id":"https:\/\/immobilier-en-espagne.com\/blog-espagne\/contact-agences-immobilieres-barcelone\/#breadcrumb","itemListElement":[{"@type":"ListItem","position":1,"name":"\u00bb Immobilier Espagne","item":"https:\/\/immobilier-en-espagne.com\/blog-espagne\/"},{"@type":"ListItem","position":2,"name":"AGENCE IMMOBILI\u00c8RE ESPAGNE","item":"https:\/\/immobilier-en-espagne.com\/blog-espagne\/category\/agence-immobiliere-espagne\/"},{"@type":"ListItem","position":3,"name":"CONTACT TOUTES LES AGENCES DE BARCELONE"}]},{"@type":"WebSite","@id":"https:\/\/immobilier-en-espagne.com\/blog-espagne\/#website","url":"https:\/\/immobilier-en-espagne.com\/blog-espagne\/","name":"Acheter en Espagne","description":"Achat immobilier en toute s\u00e9r\u00e9nit\u00e9","publisher":{"@id":"https:\/\/immobilier-en-espagne.com\/blog-espagne\/#organization"},"potentialAction":[{"@type":"SearchAction","target":{"@type":"EntryPoint","urlTemplate":"https:\/\/immobilier-en-espagne.com\/blog-espagne\/?s={search_term_string}"},"query-input":{"@type":"PropertyValueSpecification","valueRequired":true,"valueName":"search_term_string"}}],"inLanguage":"fr-FR"},{"@type":"Organization","@id":"https:\/\/immobilier-en-espagne.com\/blog-espagne\/#organization","name":"ESPAGNE SUPPORT & Avocats francophones partenaires","url":"https:\/\/immobilier-en-espagne.com\/blog-espagne\/","logo":{"@type":"ImageObject","inLanguage":"fr-FR","@id":"https:\/\/immobilier-en-espagne.com\/blog-espagne\/#\/schema\/logo\/image\/","url":"https:\/\/immobilier-en-espagne.com\/blog-espagne\/wp-content\/uploads\/2026\/03\/logo.png","contentUrl":"https:\/\/immobilier-en-espagne.com\/blog-espagne\/wp-content\/uploads\/2026\/03\/logo.png","width":1024,"height":1024,"caption":"ESPAGNE SUPPORT & Avocats francophones partenaires"},"image":{"@id":"https:\/\/immobilier-en-espagne.com\/blog-espagne\/#\/schema\/logo\/image\/"},"sameAs":["https:\/\/www.facebook.com\/acheterenespagne\/"]},{"@type":"Person","@id":"https:\/\/immobilier-en-espagne.com\/blog-espagne\/#\/schema\/person\/81a04a9b727e6c4963e262dd67e9ed48","name":"moicz2@S","image":{"@type":"ImageObject","inLanguage":"fr-FR","@id":"https:\/\/immobilier-en-espagne.com\/blog-espagne\/#\/schema\/person\/image\/","url":"https:\/\/secure.gravatar.com\/avatar\/d9db4ae65fa686969a55211e8955cf2f?s=96&d=mm&r=g","contentUrl":"https:\/\/secure.gravatar.com\/avatar\/d9db4ae65fa686969a55211e8955cf2f?s=96&d=mm&r=g","caption":"moicz2@S"}}]}},"_links":{"self":[{"href":"https:\/\/immobilier-en-espagne.com\/blog-espagne\/wp-json\/wp\/v2\/posts\/3005","targetHints":{"allow":["GET"]}}],"collection":[{"href":"https:\/\/immobilier-en-espagne.com\/blog-espagne\/wp-json\/wp\/v2\/posts"}],"about":[{"href":"https:\/\/immobilier-en-espagne.com\/blog-espagne\/wp-json\/wp\/v2\/types\/post"}],"author":[{"embeddable":true,"href":"https:\/\/immobilier-en-espagne.com\/blog-espagne\/wp-json\/wp\/v2\/users\/1"}],"replies":[{"embeddable":true,"href":"https:\/\/immobilier-en-espagne.com\/blog-espagne\/wp-json\/wp\/v2\/comments?post=3005"}],"version-history":[{"count":0,"href":"https:\/\/immobilier-en-espagne.com\/blog-espagne\/wp-json\/wp\/v2\/posts\/3005\/revisions"}],"wp:attachment":[{"href":"https:\/\/immobilier-en-espagne.com\/blog-espagne\/wp-json\/wp\/v2\/media?parent=3005"}],"wp:term":[{"taxonomy":"category","embeddable":true,"href":"https:\/\/immobilier-en-espagne.com\/blog-espagne\/wp-json\/wp\/v2\/categories?post=3005"},{"taxonomy":"post_tag","embeddable":true,"href":"https:\/\/immobilier-en-espagne.com\/blog-espagne\/wp-json\/wp\/v2\/tags?post=3005"}],"curies":[{"name":"wp","href":"https:\/\/api.w.org\/{rel}","templated":true}]}}