{"id":137,"date":"2017-05-09T14:43:02","date_gmt":"2017-05-09T12:43:02","guid":{"rendered":"https:\/\/immobilier-en-espagne.com\/blog-espagne\/?p=137"},"modified":"2017-05-24T18:19:24","modified_gmt":"2017-05-24T16:19:24","slug":"sante-en-espagne","status":"publish","type":"post","link":"https:\/\/immobilier-en-espagne.com\/blog-espagne\/sante-en-espagne\/","title":{"rendered":"Sant\u00e9 en Espagne"},"content":{"rendered":"<p>[vc_row][vc_column][vc_column_text]<\/p>\n<h2><a href=\"https:\/\/immobilier-en-espagne.com\/blog-espagne\/sante-en-espagne\/\">Protection sant\u00e9 en Espagne lors d&rsquo;un voyage<\/a><\/h2>\n<p>Pour un s\u00e9jour vacances en Espagne, n&rsquo;oubliez pas de prendre avec vous la <em><strong>carte europ\u00e9enne d&rsquo;assurance maladie<\/strong><\/em>. Il suffit d&rsquo;appeler votre centre de S\u00e9curit\u00e9 sociale qui vous l&rsquo;enverra sous une quinzaine de jours.<\/p>\n<p>&nbsp;<\/p>\n<p class=\"item_texto\">Le <strong>syst\u00e8me de sant\u00e9<\/strong>\u00a0espagnol poss\u00e8de un vaste r\u00e9seau de centres de sant\u00e9 et h\u00f4pitaux r\u00e9partis sur l\u2019ensemble du territoire.<\/p>\n<p class=\"item_texto\">Sans cette carte de <strong>sant\u00e9<\/strong> vous devrez avancer les frais de sant\u00e9 et la note peut vite monter si vous devez faire une radio ou un autre examen.<\/p>\n<p>[\/vc_column_text][\/vc_column][\/vc_row]<\/p>\n","protected":false},"excerpt":{"rendered":"<p>[vc_row][vc_column][vc_column_text] Protection sant\u00e9 en Espagne lors d&rsquo;un voyage Pour un s\u00e9jour vacances en Espagne, n&rsquo;oubliez pas de prendre avec vous la carte [&hellip;]<\/p>\n","protected":false},"author":1,"featured_media":138,"comment_status":"closed","ping_status":"open","sticky":false,"template":"","format":"standard","meta":{"footnotes":""},"categories":[15],"tags":[19,24],"class_list":["post-137","post","type-post","status-publish","format-standard","has-post-thumbnail","hentry","category-informations-utiles","tag-espagne","tag-sante"],"yoast_head":"<!-- This site is optimized with the Yoast SEO plugin v26.3 - https:\/\/yoast.com\/wordpress\/plugins\/seo\/ -->\n<title>Sant\u00e9 en Espagne<\/title>\n<meta name=\"description\" content=\"Sant\u00e9 en Espagne\" \/>\n<meta name=\"robots\" content=\"index, follow, max-snippet:-1, max-image-preview:large, max-video-preview:-1\" \/>\n<link rel=\"canonical\" href=\"https:\/\/immobilier-en-espagne.com\/blog-espagne\/sante-en-espagne\/\" \/>\n<meta property=\"og:locale\" content=\"fr_FR\" \/>\n<meta property=\"og:type\" content=\"article\" \/>\n<meta property=\"og:title\" content=\"Sant\u00e9 en Espagne\" \/>\n<meta property=\"og:description\" content=\"Sant\u00e9 en Espagne\" \/>\n<meta property=\"og:url\" content=\"https:\/\/immobilier-en-espagne.com\/blog-espagne\/sante-en-espagne\/\" \/>\n<meta property=\"og:site_name\" content=\"Acheter en Espagne\" \/>\n<meta property=\"article:publisher\" content=\"https:\/\/www.facebook.com\/acheterenespagne\/\" \/>\n<meta property=\"article:published_time\" content=\"2017-05-09T12:43:02+00:00\" \/>\n<meta property=\"article:modified_time\" content=\"2017-05-24T16:19:24+00:00\" \/>\n<meta property=\"og:image\" content=\"https:\/\/immobilier-en-espagne.com\/blog-espagne\/wp-content\/uploads\/2017\/05\/carte_europenne_assurance_maladie.jpg\" \/>\n\t<meta property=\"og:image:width\" content=\"540\" \/>\n\t<meta property=\"og:image:height\" content=\"355\" \/>\n\t<meta property=\"og:image:type\" content=\"image\/jpeg\" \/>\n<meta name=\"author\" content=\"moicz2@S\" \/>\n<meta name=\"twitter:card\" content=\"summary_large_image\" \/>\n<meta name=\"twitter:label1\" content=\"\u00c9crit par\" \/>\n\t<meta name=\"twitter:data1\" content=\"moicz2@S\" \/>\n\t<meta name=\"twitter:label2\" content=\"Dur\u00e9e de lecture estim\u00e9e\" \/>\n\t<meta name=\"twitter:data2\" content=\"1 minute\" \/>\n<script type=\"application\/ld+json\" class=\"yoast-schema-graph\">{\"@context\":\"https:\/\/schema.org\",\"@graph\":[{\"@type\":\"Article\",\"@id\":\"https:\/\/immobilier-en-espagne.com\/blog-espagne\/sante-en-espagne\/#article\",\"isPartOf\":{\"@id\":\"https:\/\/immobilier-en-espagne.com\/blog-espagne\/sante-en-espagne\/\"},\"author\":{\"name\":\"moicz2@S\",\"@id\":\"https:\/\/immobilier-en-espagne.com\/blog-espagne\/#\/schema\/person\/81a04a9b727e6c4963e262dd67e9ed48\"},\"headline\":\"Sant\u00e9 en Espagne\",\"datePublished\":\"2017-05-09T12:43:02+00:00\",\"dateModified\":\"2017-05-24T16:19:24+00:00\",\"mainEntityOfPage\":{\"@id\":\"https:\/\/immobilier-en-espagne.com\/blog-espagne\/sante-en-espagne\/\"},\"wordCount\":120,\"publisher\":{\"@id\":\"https:\/\/immobilier-en-espagne.com\/blog-espagne\/#organization\"},\"image\":{\"@id\":\"https:\/\/immobilier-en-espagne.com\/blog-espagne\/sante-en-espagne\/#primaryimage\"},\"thumbnailUrl\":\"https:\/\/immobilier-en-espagne.com\/blog-espagne\/wp-content\/uploads\/2017\/05\/carte_europenne_assurance_maladie.jpg\",\"keywords\":[\"Espagne\",\"sante\"],\"articleSection\":[\"Informations utiles\"],\"inLanguage\":\"fr-FR\"},{\"@type\":\"WebPage\",\"@id\":\"https:\/\/immobilier-en-espagne.com\/blog-espagne\/sante-en-espagne\/\",\"url\":\"https:\/\/immobilier-en-espagne.com\/blog-espagne\/sante-en-espagne\/\",\"name\":\"Sant\u00e9 en Espagne\",\"isPartOf\":{\"@id\":\"https:\/\/immobilier-en-espagne.com\/blog-espagne\/#website\"},\"primaryImageOfPage\":{\"@id\":\"https:\/\/immobilier-en-espagne.com\/blog-espagne\/sante-en-espagne\/#primaryimage\"},\"image\":{\"@id\":\"https:\/\/immobilier-en-espagne.com\/blog-espagne\/sante-en-espagne\/#primaryimage\"},\"thumbnailUrl\":\"https:\/\/immobilier-en-espagne.com\/blog-espagne\/wp-content\/uploads\/2017\/05\/carte_europenne_assurance_maladie.jpg\",\"datePublished\":\"2017-05-09T12:43:02+00:00\",\"dateModified\":\"2017-05-24T16:19:24+00:00\",\"description\":\"Sant\u00e9 en Espagne\",\"breadcrumb\":{\"@id\":\"https:\/\/immobilier-en-espagne.com\/blog-espagne\/sante-en-espagne\/#breadcrumb\"},\"inLanguage\":\"fr-FR\",\"potentialAction\":[{\"@type\":\"ReadAction\",\"target\":[\"https:\/\/immobilier-en-espagne.com\/blog-espagne\/sante-en-espagne\/\"]}]},{\"@type\":\"ImageObject\",\"inLanguage\":\"fr-FR\",\"@id\":\"https:\/\/immobilier-en-espagne.com\/blog-espagne\/sante-en-espagne\/#primaryimage\",\"url\":\"https:\/\/immobilier-en-espagne.com\/blog-espagne\/wp-content\/uploads\/2017\/05\/carte_europenne_assurance_maladie.jpg\",\"contentUrl\":\"https:\/\/immobilier-en-espagne.com\/blog-espagne\/wp-content\/uploads\/2017\/05\/carte_europenne_assurance_maladie.jpg\",\"width\":540,\"height\":355},{\"@type\":\"BreadcrumbList\",\"@id\":\"https:\/\/immobilier-en-espagne.com\/blog-espagne\/sante-en-espagne\/#breadcrumb\",\"itemListElement\":[{\"@type\":\"ListItem\",\"position\":1,\"name\":\"\u00bb Immobilier Espagne\",\"item\":\"https:\/\/immobilier-en-espagne.com\/blog-espagne\/\"},{\"@type\":\"ListItem\",\"position\":2,\"name\":\"Informations utiles\",\"item\":\"https:\/\/immobilier-en-espagne.com\/blog-espagne\/category\/informations-utiles\/\"},{\"@type\":\"ListItem\",\"position\":3,\"name\":\"Sant\u00e9 en Espagne\"}]},{\"@type\":\"WebSite\",\"@id\":\"https:\/\/immobilier-en-espagne.com\/blog-espagne\/#website\",\"url\":\"https:\/\/immobilier-en-espagne.com\/blog-espagne\/\",\"name\":\"Acheter en Espagne\",\"description\":\"Achat immobilier en toute s\u00e9r\u00e9nit\u00e9\",\"publisher\":{\"@id\":\"https:\/\/immobilier-en-espagne.com\/blog-espagne\/#organization\"},\"potentialAction\":[{\"@type\":\"SearchAction\",\"target\":{\"@type\":\"EntryPoint\",\"urlTemplate\":\"https:\/\/immobilier-en-espagne.com\/blog-espagne\/?s={search_term_string}\"},\"query-input\":{\"@type\":\"PropertyValueSpecification\",\"valueRequired\":true,\"valueName\":\"search_term_string\"}}],\"inLanguage\":\"fr-FR\"},{\"@type\":\"Organization\",\"@id\":\"https:\/\/immobilier-en-espagne.com\/blog-espagne\/#organization\",\"name\":\"ESPAGNE SUPPORT & Avocats francophones partenaires\",\"url\":\"https:\/\/immobilier-en-espagne.com\/blog-espagne\/\",\"logo\":{\"@type\":\"ImageObject\",\"inLanguage\":\"fr-FR\",\"@id\":\"https:\/\/immobilier-en-espagne.com\/blog-espagne\/#\/schema\/logo\/image\/\",\"url\":\"https:\/\/immobilier-en-espagne.com\/blog-espagne\/wp-content\/uploads\/2026\/03\/logo.png\",\"contentUrl\":\"https:\/\/immobilier-en-espagne.com\/blog-espagne\/wp-content\/uploads\/2026\/03\/logo.png\",\"width\":1024,\"height\":1024,\"caption\":\"ESPAGNE SUPPORT & Avocats francophones partenaires\"},\"image\":{\"@id\":\"https:\/\/immobilier-en-espagne.com\/blog-espagne\/#\/schema\/logo\/image\/\"},\"sameAs\":[\"https:\/\/www.facebook.com\/acheterenespagne\/\"]},{\"@type\":\"Person\",\"@id\":\"https:\/\/immobilier-en-espagne.com\/blog-espagne\/#\/schema\/person\/81a04a9b727e6c4963e262dd67e9ed48\",\"name\":\"moicz2@S\",\"image\":{\"@type\":\"ImageObject\",\"inLanguage\":\"fr-FR\",\"@id\":\"https:\/\/immobilier-en-espagne.com\/blog-espagne\/#\/schema\/person\/image\/\",\"url\":\"https:\/\/secure.gravatar.com\/avatar\/d9db4ae65fa686969a55211e8955cf2f?s=96&d=mm&r=g\",\"contentUrl\":\"https:\/\/secure.gravatar.com\/avatar\/d9db4ae65fa686969a55211e8955cf2f?s=96&d=mm&r=g\",\"caption\":\"moicz2@S\"}}]}<\/script>\n<!-- \/ Yoast SEO plugin. -->","yoast_head_json":{"title":"Sant\u00e9 en Espagne","description":"Sant\u00e9 en Espagne","robots":{"index":"index","follow":"follow","max-snippet":"max-snippet:-1","max-image-preview":"max-image-preview:large","max-video-preview":"max-video-preview:-1"},"canonical":"https:\/\/immobilier-en-espagne.com\/blog-espagne\/sante-en-espagne\/","og_locale":"fr_FR","og_type":"article","og_title":"Sant\u00e9 en Espagne","og_description":"Sant\u00e9 en Espagne","og_url":"https:\/\/immobilier-en-espagne.com\/blog-espagne\/sante-en-espagne\/","og_site_name":"Acheter en Espagne","article_publisher":"https:\/\/www.facebook.com\/acheterenespagne\/","article_published_time":"2017-05-09T12:43:02+00:00","article_modified_time":"2017-05-24T16:19:24+00:00","og_image":[{"width":540,"height":355,"url":"https:\/\/immobilier-en-espagne.com\/blog-espagne\/wp-content\/uploads\/2017\/05\/carte_europenne_assurance_maladie.jpg","type":"image\/jpeg"}],"author":"moicz2@S","twitter_card":"summary_large_image","twitter_misc":{"\u00c9crit par":"moicz2@S","Dur\u00e9e de lecture estim\u00e9e":"1 minute"},"schema":{"@context":"https:\/\/schema.org","@graph":[{"@type":"Article","@id":"https:\/\/immobilier-en-espagne.com\/blog-espagne\/sante-en-espagne\/#article","isPartOf":{"@id":"https:\/\/immobilier-en-espagne.com\/blog-espagne\/sante-en-espagne\/"},"author":{"name":"moicz2@S","@id":"https:\/\/immobilier-en-espagne.com\/blog-espagne\/#\/schema\/person\/81a04a9b727e6c4963e262dd67e9ed48"},"headline":"Sant\u00e9 en Espagne","datePublished":"2017-05-09T12:43:02+00:00","dateModified":"2017-05-24T16:19:24+00:00","mainEntityOfPage":{"@id":"https:\/\/immobilier-en-espagne.com\/blog-espagne\/sante-en-espagne\/"},"wordCount":120,"publisher":{"@id":"https:\/\/immobilier-en-espagne.com\/blog-espagne\/#organization"},"image":{"@id":"https:\/\/immobilier-en-espagne.com\/blog-espagne\/sante-en-espagne\/#primaryimage"},"thumbnailUrl":"https:\/\/immobilier-en-espagne.com\/blog-espagne\/wp-content\/uploads\/2017\/05\/carte_europenne_assurance_maladie.jpg","keywords":["Espagne","sante"],"articleSection":["Informations utiles"],"inLanguage":"fr-FR"},{"@type":"WebPage","@id":"https:\/\/immobilier-en-espagne.com\/blog-espagne\/sante-en-espagne\/","url":"https:\/\/immobilier-en-espagne.com\/blog-espagne\/sante-en-espagne\/","name":"Sant\u00e9 en Espagne","isPartOf":{"@id":"https:\/\/immobilier-en-espagne.com\/blog-espagne\/#website"},"primaryImageOfPage":{"@id":"https:\/\/immobilier-en-espagne.com\/blog-espagne\/sante-en-espagne\/#primaryimage"},"image":{"@id":"https:\/\/immobilier-en-espagne.com\/blog-espagne\/sante-en-espagne\/#primaryimage"},"thumbnailUrl":"https:\/\/immobilier-en-espagne.com\/blog-espagne\/wp-content\/uploads\/2017\/05\/carte_europenne_assurance_maladie.jpg","datePublished":"2017-05-09T12:43:02+00:00","dateModified":"2017-05-24T16:19:24+00:00","description":"Sant\u00e9 en Espagne","breadcrumb":{"@id":"https:\/\/immobilier-en-espagne.com\/blog-espagne\/sante-en-espagne\/#breadcrumb"},"inLanguage":"fr-FR","potentialAction":[{"@type":"ReadAction","target":["https:\/\/immobilier-en-espagne.com\/blog-espagne\/sante-en-espagne\/"]}]},{"@type":"ImageObject","inLanguage":"fr-FR","@id":"https:\/\/immobilier-en-espagne.com\/blog-espagne\/sante-en-espagne\/#primaryimage","url":"https:\/\/immobilier-en-espagne.com\/blog-espagne\/wp-content\/uploads\/2017\/05\/carte_europenne_assurance_maladie.jpg","contentUrl":"https:\/\/immobilier-en-espagne.com\/blog-espagne\/wp-content\/uploads\/2017\/05\/carte_europenne_assurance_maladie.jpg","width":540,"height":355},{"@type":"BreadcrumbList","@id":"https:\/\/immobilier-en-espagne.com\/blog-espagne\/sante-en-espagne\/#breadcrumb","itemListElement":[{"@type":"ListItem","position":1,"name":"\u00bb Immobilier Espagne","item":"https:\/\/immobilier-en-espagne.com\/blog-espagne\/"},{"@type":"ListItem","position":2,"name":"Informations utiles","item":"https:\/\/immobilier-en-espagne.com\/blog-espagne\/category\/informations-utiles\/"},{"@type":"ListItem","position":3,"name":"Sant\u00e9 en Espagne"}]},{"@type":"WebSite","@id":"https:\/\/immobilier-en-espagne.com\/blog-espagne\/#website","url":"https:\/\/immobilier-en-espagne.com\/blog-espagne\/","name":"Acheter en Espagne","description":"Achat immobilier en toute s\u00e9r\u00e9nit\u00e9","publisher":{"@id":"https:\/\/immobilier-en-espagne.com\/blog-espagne\/#organization"},"potentialAction":[{"@type":"SearchAction","target":{"@type":"EntryPoint","urlTemplate":"https:\/\/immobilier-en-espagne.com\/blog-espagne\/?s={search_term_string}"},"query-input":{"@type":"PropertyValueSpecification","valueRequired":true,"valueName":"search_term_string"}}],"inLanguage":"fr-FR"},{"@type":"Organization","@id":"https:\/\/immobilier-en-espagne.com\/blog-espagne\/#organization","name":"ESPAGNE SUPPORT & Avocats francophones partenaires","url":"https:\/\/immobilier-en-espagne.com\/blog-espagne\/","logo":{"@type":"ImageObject","inLanguage":"fr-FR","@id":"https:\/\/immobilier-en-espagne.com\/blog-espagne\/#\/schema\/logo\/image\/","url":"https:\/\/immobilier-en-espagne.com\/blog-espagne\/wp-content\/uploads\/2026\/03\/logo.png","contentUrl":"https:\/\/immobilier-en-espagne.com\/blog-espagne\/wp-content\/uploads\/2026\/03\/logo.png","width":1024,"height":1024,"caption":"ESPAGNE SUPPORT & Avocats francophones partenaires"},"image":{"@id":"https:\/\/immobilier-en-espagne.com\/blog-espagne\/#\/schema\/logo\/image\/"},"sameAs":["https:\/\/www.facebook.com\/acheterenespagne\/"]},{"@type":"Person","@id":"https:\/\/immobilier-en-espagne.com\/blog-espagne\/#\/schema\/person\/81a04a9b727e6c4963e262dd67e9ed48","name":"moicz2@S","image":{"@type":"ImageObject","inLanguage":"fr-FR","@id":"https:\/\/immobilier-en-espagne.com\/blog-espagne\/#\/schema\/person\/image\/","url":"https:\/\/secure.gravatar.com\/avatar\/d9db4ae65fa686969a55211e8955cf2f?s=96&d=mm&r=g","contentUrl":"https:\/\/secure.gravatar.com\/avatar\/d9db4ae65fa686969a55211e8955cf2f?s=96&d=mm&r=g","caption":"moicz2@S"}}]}},"_links":{"self":[{"href":"https:\/\/immobilier-en-espagne.com\/blog-espagne\/wp-json\/wp\/v2\/posts\/137","targetHints":{"allow":["GET"]}}],"collection":[{"href":"https:\/\/immobilier-en-espagne.com\/blog-espagne\/wp-json\/wp\/v2\/posts"}],"about":[{"href":"https:\/\/immobilier-en-espagne.com\/blog-espagne\/wp-json\/wp\/v2\/types\/post"}],"author":[{"embeddable":true,"href":"https:\/\/immobilier-en-espagne.com\/blog-espagne\/wp-json\/wp\/v2\/users\/1"}],"replies":[{"embeddable":true,"href":"https:\/\/immobilier-en-espagne.com\/blog-espagne\/wp-json\/wp\/v2\/comments?post=137"}],"version-history":[{"count":0,"href":"https:\/\/immobilier-en-espagne.com\/blog-espagne\/wp-json\/wp\/v2\/posts\/137\/revisions"}],"wp:featuredmedia":[{"embeddable":true,"href":"https:\/\/immobilier-en-espagne.com\/blog-espagne\/wp-json\/wp\/v2\/media\/138"}],"wp:attachment":[{"href":"https:\/\/immobilier-en-espagne.com\/blog-espagne\/wp-json\/wp\/v2\/media?parent=137"}],"wp:term":[{"taxonomy":"category","embeddable":true,"href":"https:\/\/immobilier-en-espagne.com\/blog-espagne\/wp-json\/wp\/v2\/categories?post=137"},{"taxonomy":"post_tag","embeddable":true,"href":"https:\/\/immobilier-en-espagne.com\/blog-espagne\/wp-json\/wp\/v2\/tags?post=137"}],"curies":[{"name":"wp","href":"https:\/\/api.w.org\/{rel}","templated":true}]}}